{"id":1419,"date":"2023-01-24T13:04:15","date_gmt":"2023-01-24T12:04:15","guid":{"rendered":"https:\/\/www.artfood.at\/?p=1419"},"modified":"2023-01-24T19:06:36","modified_gmt":"2023-01-24T18:06:36","slug":"letget-together","status":"publish","type":"post","link":"https:\/\/www.artfood.at\/index.php\/2023\/01\/24\/letget-together\/","title":{"rendered":"Let\u00b4s get together!"},"content":{"rendered":"<p>Wie ich schon in der <em><a href=\"https:\/\/www.artfood.at\/index.php\/about\/\" target=\"_blank\" rel=\"noopener\">Einleitung<\/a><\/em> zu <span style=\"color: #eb684b;\">ArtFood<\/span> betont habe, bedeutet Essen so vieles: Genuss, Entdeckung, Gewohnheit, Heimat, Entspannung, Trost, Mittel gegen Langeweile \u2013 ist aber auch Spiegel sozialer Umst\u00e4nde, Begleiter guter Gespr\u00e4che und vieles mehr.<\/p>\n<p><img loading=\"lazy\" class=\"aligncenter  wp-image-1426\" src=\"https:\/\/www.artfood.at\/wp-content\/uploads\/2023\/01\/IMG_2985-1-300x191.jpeg\" alt=\"\" width=\"391\" height=\"249\" srcset=\"https:\/\/www.artfood.at\/wp-content\/uploads\/2023\/01\/IMG_2985-1-300x191.jpeg 300w, https:\/\/www.artfood.at\/wp-content\/uploads\/2023\/01\/IMG_2985-1.jpeg 640w\" sizes=\"(max-width: 391px) 100vw, 391px\" \/><\/p>\n<p>Aus gutem Grund haben also Mahlzeitenbilder eine Jahrtausende lange Tradition in der Malerei. Immer wird dabei ein Moment eines Beisammenseins gezeigt, privat oder \u00f6ffentlich, vormittags, mittags oder nachmittags bzw. vor, w\u00e4hrend oder nach dem Essen, mal fr\u00f6hlich, mal f\u00f6rmlich, mal entspannt.<\/p>\n<p><img loading=\"lazy\" class=\"aligncenter  wp-image-1425\" src=\"https:\/\/www.artfood.at\/wp-content\/uploads\/2023\/01\/table-g5acc23162_1280-300x225.jpg\" alt=\"\" width=\"376\" height=\"282\" srcset=\"https:\/\/www.artfood.at\/wp-content\/uploads\/2023\/01\/table-g5acc23162_1280-300x225.jpg 300w, https:\/\/www.artfood.at\/wp-content\/uploads\/2023\/01\/table-g5acc23162_1280-1024x768.jpg 1024w, https:\/\/www.artfood.at\/wp-content\/uploads\/2023\/01\/table-g5acc23162_1280-768x576.jpg 768w, https:\/\/www.artfood.at\/wp-content\/uploads\/2023\/01\/table-g5acc23162_1280-754x566.jpg 754w, https:\/\/www.artfood.at\/wp-content\/uploads\/2023\/01\/table-g5acc23162_1280-377x283.jpg 377w, https:\/\/www.artfood.at\/wp-content\/uploads\/2023\/01\/table-g5acc23162_1280.jpg 1280w\" sizes=\"(max-width: 376px) 100vw, 376px\" \/><\/p>\n<p>Diesmal also bei <span style=\"color: #eb684b;\">ArtFood<\/span>: drei ganz unterschiedliche Darstellungen von gemeinsamem Essen \u2013 zu sehen \u00fcbrigens auch in der aktuellen Ausstellung \u201eMahlzeit\u201c des Dom Museums Wien (<em>siehe dazu Infos am Ende des Postings<\/em>).<\/p>\n<p><strong>Tirol 1920er Jahre<br \/><\/strong>Die Eindringlichkeit dieses Bildes von Albin Egger-Lienz kommt einerseits aus der einheitlichen Farbgebung, die die Personen, die wenigen Gegenst\u00e4nde und vielleicht auch die schroffe Natur vor der Holzt\u00fcr miteinander verbindet. Sie kommt aber auch aus der absoluten Schlichtheit, ja Kargheit der dargestellten Alltagssituation.<\/p>\n<figure id=\"attachment_1422\" aria-describedby=\"caption-attachment-1422\" style=\"width: 386px\" class=\"wp-caption aligncenter\"><img loading=\"lazy\" class=\" wp-image-1422\" src=\"https:\/\/www.artfood.at\/wp-content\/uploads\/2023\/01\/Egger_Lienz-Large-300x223.jpeg\" alt=\"\" width=\"386\" height=\"287\" srcset=\"https:\/\/www.artfood.at\/wp-content\/uploads\/2023\/01\/Egger_Lienz-Large-300x223.jpeg 300w, https:\/\/www.artfood.at\/wp-content\/uploads\/2023\/01\/Egger_Lienz-Large-1024x762.jpeg 1024w, https:\/\/www.artfood.at\/wp-content\/uploads\/2023\/01\/Egger_Lienz-Large-768x571.jpeg 768w, https:\/\/www.artfood.at\/wp-content\/uploads\/2023\/01\/Egger_Lienz-Large.jpeg 1280w\" sizes=\"(max-width: 386px) 100vw, 386px\" \/><figcaption id=\"caption-attachment-1422\" class=\"wp-caption-text\">Albin Egger-Lienz: Das Tischgebet, nach 1923<\/figcaption><\/figure>\n<p>Was im Rahmen von <span style=\"color: #eb684b;\">ArtFood<\/span> besonders auffallend ist: Tisch und Brotlade sind g\u00e4nzlich leer. Es sind keinerlei Lebensmittel zu sehen, keine Suppe oder Brot, auch kein Geschirr, keine L\u00f6ffel o.\u00e4. Die Sch\u00fcssel, aus der im Allgemeinen gemeinschaftlich gegessen wurde, steht zwar bereit, aber auch sie ist leer. Wie man sieht, waren f\u00fcr Egger-Lienz ausschm\u00fcckende Details unwichtig. Er wollte den \u201eseelischen Gehalt\u201c darstellen, die essentiellen Aspekte des menschlichen Seins thematisieren.<\/p>\n<p>In diesem Bild geht es daher nicht um das Essen an sich, sondern um das Tischgebet vor oder nach der Mahlzeit. Die Bauernfamilie kommt bei Tisch zusammen, mittags oder abends. Abgesehen vom Essen ist dies auch ein Zeitpunkt des Innehaltens im Tagesablauf, ein sich Verinnerlichen f\u00fcr ein paar Augenblicke, ein fast meditativer Moment.<\/p>\n<p><strong>K\u00f6ln im Jahr 1602<br \/><\/strong>Diese Tischgesellschaft pr\u00e4sentiert sich g\u00e4nzlich anders als jene in der Tiroler Bauernstube aus den 1920er Jahren.<\/p>\n<figure id=\"attachment_1423\" aria-describedby=\"caption-attachment-1423\" style=\"width: 395px\" class=\"wp-caption aligncenter\"><img loading=\"lazy\" class=\"wp-image-1423 \" src=\"https:\/\/www.artfood.at\/wp-content\/uploads\/2023\/01\/Gortzius-Geldorp-A-Portrait-of-a-Family-saying-Grace-Before-a-Meal-1602-MeisterDrucke-77126-300x221.jpeg\" alt=\"\" width=\"395\" height=\"291\" srcset=\"https:\/\/www.artfood.at\/wp-content\/uploads\/2023\/01\/Gortzius-Geldorp-A-Portrait-of-a-Family-saying-Grace-Before-a-Meal-1602-MeisterDrucke-77126-300x221.jpeg 300w, https:\/\/www.artfood.at\/wp-content\/uploads\/2023\/01\/Gortzius-Geldorp-A-Portrait-of-a-Family-saying-Grace-Before-a-Meal-1602-MeisterDrucke-77126-768x567.jpeg 768w, https:\/\/www.artfood.at\/wp-content\/uploads\/2023\/01\/Gortzius-Geldorp-A-Portrait-of-a-Family-saying-Grace-Before-a-Meal-1602-MeisterDrucke-77126.jpeg 1024w\" sizes=\"(max-width: 395px) 100vw, 395px\" \/><figcaption id=\"caption-attachment-1423\" class=\"wp-caption-text\">Geldorp Gortzius: Familie beim Tischgebet, 1602<\/figcaption><\/figure>\n<p>Der Tisch mit feinem Leinentuch, Stoffservietten, Brot, Fleisch &amp; Gefl\u00fcgel, die Sitzordnung, die f\u00f6rmliche Kleidung mit den damals \u00fcblichen steifen Kr\u00e4gen, das mit etlichen christlichen Symbolen dekorierte Speisezimmer, im Hintergrund eine Dienstmagd oder K\u00f6chin, die das Feuer sch\u00fcrt \u2013 all das zeigt, dass wir hier einer Familie des gehobenen B\u00fcrgertums begegnen.<\/p>\n<p><img loading=\"lazy\" class=\"aligncenter  wp-image-1424\" src=\"https:\/\/www.artfood.at\/wp-content\/uploads\/2023\/01\/Gortzius-Geldorp-A-Portrait-of-a-Family-saying-Grace-Before-a-Meal-1602-Detail-300x163.jpeg\" alt=\"\" width=\"344\" height=\"187\" srcset=\"https:\/\/www.artfood.at\/wp-content\/uploads\/2023\/01\/Gortzius-Geldorp-A-Portrait-of-a-Family-saying-Grace-Before-a-Meal-1602-Detail-300x163.jpeg 300w, https:\/\/www.artfood.at\/wp-content\/uploads\/2023\/01\/Gortzius-Geldorp-A-Portrait-of-a-Family-saying-Grace-Before-a-Meal-1602-Detail.jpeg 684w\" sizes=\"(max-width: 344px) 100vw, 344px\" \/><\/p>\n<p>Aber ungeachtet aller Unterschiede zur Situation bei Egger-Lienz geht es auch hier um die Verbindung von Mahlzeit mit einem religi\u00f6sen Moment. Denn auch diese Familie sammelt sich f\u00fcr einen Moment zum Tischgebet. Dieser Tisch ist allerdings reicher gedeckt, die Familienmitglieder wirken etwas f\u00f6rmlich, Fleisch steht reichlich zur Verf\u00fcgung. Und anders als bei Egger-Lienz ist hier kein verinnerlichtes Innehalten vor dem Essen dargestellt \u2013 im Gegenteil, die Personen sind nach au\u00dfen orientiert, man zeigt gerne, was man hat.<\/p>\n<p><strong>USA im 2013er Jahr<br \/><\/strong>Das Thema von Essen &amp; Mahlzeiten in der Kunst ist im 21. Jahrhundert nach wie vor aktuell. Die US-amerikanische K\u00fcnstlerin Lois Bielefeld widmet sich mit ihrer Foto-Serie <em>Weeknight Dinners<\/em> dem allt\u00e4glichen gemeinsamen Abendessen.<\/p>\n<figure id=\"attachment_1420\" aria-describedby=\"caption-attachment-1420\" style=\"width: 449px\" class=\"wp-caption aligncenter\"><img loading=\"lazy\" class=\" wp-image-1420\" src=\"https:\/\/www.artfood.at\/wp-content\/uploads\/2023\/01\/Bielefeld_130717_glynis_mona_jorin_liam_019-300x200.jpg\" alt=\"\" width=\"449\" height=\"299\" srcset=\"https:\/\/www.artfood.at\/wp-content\/uploads\/2023\/01\/Bielefeld_130717_glynis_mona_jorin_liam_019-300x200.jpg 300w, https:\/\/www.artfood.at\/wp-content\/uploads\/2023\/01\/Bielefeld_130717_glynis_mona_jorin_liam_019-1024x683.jpg 1024w, https:\/\/www.artfood.at\/wp-content\/uploads\/2023\/01\/Bielefeld_130717_glynis_mona_jorin_liam_019-768x512.jpg 768w, https:\/\/www.artfood.at\/wp-content\/uploads\/2023\/01\/Bielefeld_130717_glynis_mona_jorin_liam_019.jpg 1200w\" sizes=\"(max-width: 449px) 100vw, 449px\" \/><figcaption id=\"caption-attachment-1420\" class=\"wp-caption-text\">Lois Bielefeld: Weeknight Dinners,<br \/>Wednesday: Glynis, Liam, Jorin, and Mona, 2013. Courtesy of the artist. \u00a9 Lois Bielefeld<\/figcaption><\/figure>\n<p>Die \u00fcber mehrere Jahre entstandenen Fotografien zeigen immer reale Familien in ihrem realen, privaten Zuhause. Um das jeweils typische allt\u00e4gliche Abendessen sichtbar zu machen, wurden die Bilder nur zwischen Montag und Donnerstag aufgenommen.<\/p>\n<p>Und dieser Alltag beim Abendessen ist sehr individuell: Rohkost, gekochte Kartoffel, Nahrungserg\u00e4nzungsmittel, Nutella, Pizza, Tacos, Apfel, Reis, Brot und selbst gemachte Marmelade, Brokkoli, Crackers und vieles mehr.<\/p>\n<p><img loading=\"lazy\" class=\"aligncenter  wp-image-1421\" src=\"https:\/\/www.artfood.at\/wp-content\/uploads\/2023\/01\/Bielefeld_130717_glynis_mona_jorin_liam_019_Detail-300x190.jpeg\" alt=\"\" width=\"381\" height=\"241\" srcset=\"https:\/\/www.artfood.at\/wp-content\/uploads\/2023\/01\/Bielefeld_130717_glynis_mona_jorin_liam_019_Detail-300x190.jpeg 300w, https:\/\/www.artfood.at\/wp-content\/uploads\/2023\/01\/Bielefeld_130717_glynis_mona_jorin_liam_019_Detail.jpeg 628w\" sizes=\"(max-width: 381px) 100vw, 381px\" \/><\/p>\n<p>Gegessen wird in kargen oder \u00fcberbordend dekorierten R\u00e4umen, die W\u00e4nde lavendelfarben, beige, gestreift oder gebl\u00fcmt, im Leder-Fauteuil, auf einfachen Sesseln aus Holz, am Boden, auf der Couch, alleine in der K\u00fcche, zu zweit oder in gr\u00f6\u00dferer Runde mit dem Vater als Familienoberhaupt am Tischende. Gerne auch mit Hund und Katz oder der <em>New American Bible<\/em> am Beistelltisch.<\/p>\n<p>Das gemeinsame Essen mit all seinen Lebensmitteln, Ritualen und Gewohnheiten ist im 21. Jahrhundert also genauso Thema in der Kunst wie in den Jahrhunderten davor. Die Foto-Serie <em>Weeknight Dinners<\/em> zeigt in ihrer Vielfalt, wie individuell der allen Menschen vertraute Moment des Abendessens im Alltag letztlich gelebt wird.<\/p>\n<p style=\"text-align: center;\"><span style=\"color: #eb684b;\">ArtFood: Essen mit Kunst.<\/span><\/p>\n<p>PS: \u00dcber das gemeinsame Essen in freier Natur k\u00f6nnt ihr hier nachlesen: <a href=\"https:\/\/www.artfood.at\/index.php\/2022\/09\/06\/essen-im-gruenen\/\" target=\"_blank\" rel=\"noopener\">Essen im Gr\u00fcnen<\/a>.<\/p>\n<hr \/>\n<p><strong>Infos &amp; Quellen<br \/><\/strong>*Dom Museum Wien, Ausstellung <a href=\"https:\/\/dommuseum.at\/mahlzeit_information\" target=\"_blank\" rel=\"noopener\">\u201eMahlzeit\u201c<\/a>, bis 27. August 2023. Zur Ausstellung ist ein umfangreicher <a href=\"https:\/\/dommuseum.at\/mahlzeit_publikation\" target=\"_blank\" rel=\"noopener\">Katalog<\/a> erschienen.<br \/>*Lois Bielefeld: <a href=\"https:\/\/www.loisbielefeld.com\" target=\"_blank\" rel=\"noopener\">Website<\/a> der K\u00fcnstlerin.\u00a0Anmerkung: noch kaum eine coolere Darstellung einer Biografie gesehen \ud83d\ude42<br \/>*Lois Bielefeld: Serie <a href=\"https:\/\/www.loisbielefeld.com\/weeknight-dinners\" target=\"_blank\" rel=\"noopener\">Weeknight Dinners<\/a> (2013-2015, 2017).<\/p>\n<p><strong>Bilder:<br \/><\/strong>*Titelbild (Holztische): <a href=\"https:\/\/pixabay.com\/de\/photos\/tisch-gedeck-gedeckter-tisch-182931\/\" target=\"_blank\" rel=\"noopener\">Hans<\/a>, Pixabay.<br \/>*Tisch mit Weingl\u00e4sern: Alice Schmatzberger.<br \/>*Albin Egger-Lienz: Das Tischgebet; nach 1923. <a href=\"https:\/\/commons.wikimedia.org\/wiki\/File:Egger-Lienz_-_Tischgebet_(Variante_der_zweiten_Fassung)_1923.jpg\" target=\"_blank\" rel=\"noopener\">Wikimedia<\/a>.<br \/>*Geldorp Gortzius: Familie beim Tischgebet, 1602. <a href=\"https:\/\/rkd.nl\/en\/explore\/images\/133824\" target=\"_blank\" rel=\"noopener\">RKD Netherlands, Institute for Art History<\/a>.<br \/>*Lois Bielefeld: Weeknight Dinners, Wednesday: Glynis, Liam, Jorin, and Mona, 2013. Courtesy of the artist, \u00a9 Lois Bielefeld, Foto: Lois Bielefeld.<\/p>\n\n\n<p><\/p>\n","protected":false},"excerpt":{"rendered":"<p>Wie ich schon in der Einleitung zu ArtFood betont habe, bedeutet Essen so vieles: Genuss, Entdeckung, Gewohnheit, Heimat, Entspannung, Trost, Mittel gegen Langeweile \u2013 ist aber auch Spiegel sozialer Umst\u00e4nde,&hellip;<\/p>\n","protected":false},"author":1,"featured_media":1425,"comment_status":"closed","ping_status":"closed","sticky":false,"template":"","format":"standard","meta":[],"categories":[35],"tags":[],"_links":{"self":[{"href":"https:\/\/www.artfood.at\/index.php\/wp-json\/wp\/v2\/posts\/1419"}],"collection":[{"href":"https:\/\/www.artfood.at\/index.php\/wp-json\/wp\/v2\/posts"}],"about":[{"href":"https:\/\/www.artfood.at\/index.php\/wp-json\/wp\/v2\/types\/post"}],"author":[{"embeddable":true,"href":"https:\/\/www.artfood.at\/index.php\/wp-json\/wp\/v2\/users\/1"}],"replies":[{"embeddable":true,"href":"https:\/\/www.artfood.at\/index.php\/wp-json\/wp\/v2\/comments?post=1419"}],"version-history":[{"count":11,"href":"https:\/\/www.artfood.at\/index.php\/wp-json\/wp\/v2\/posts\/1419\/revisions"}],"predecessor-version":[{"id":1439,"href":"https:\/\/www.artfood.at\/index.php\/wp-json\/wp\/v2\/posts\/1419\/revisions\/1439"}],"wp:featuredmedia":[{"embeddable":true,"href":"https:\/\/www.artfood.at\/index.php\/wp-json\/wp\/v2\/media\/1425"}],"wp:attachment":[{"href":"https:\/\/www.artfood.at\/index.php\/wp-json\/wp\/v2\/media?parent=1419"}],"wp:term":[{"taxonomy":"category","embeddable":true,"href":"https:\/\/www.artfood.at\/index.php\/wp-json\/wp\/v2\/categories?post=1419"},{"taxonomy":"post_tag","embeddable":true,"href":"https:\/\/www.artfood.at\/index.php\/wp-json\/wp\/v2\/tags?post=1419"}],"curies":[{"name":"wp","href":"https:\/\/api.w.org\/{rel}","templated":true}]}}