{"id":1485,"date":"2023-04-04T10:11:40","date_gmt":"2023-04-04T08:11:40","guid":{"rendered":"https:\/\/www.artfood.at\/?p=1485"},"modified":"2024-03-05T11:06:43","modified_gmt":"2024-03-05T10:06:43","slug":"weizen-hoer-zu","status":"publish","type":"post","link":"https:\/\/www.artfood.at\/index.php\/2023\/04\/04\/weizen-hoer-zu\/","title":{"rendered":"Weizen, h\u00f6r zu!"},"content":{"rendered":"<p>K\u00fche auf saftigen gr\u00fcnen Wiesen mit Wildblumen. Kleine Ferkelchen, mit denen wir uns freundlich unterhalten k\u00f6nnen. Eine holde Maid mit Flechtfriseur, die mit einem Holzl\u00f6ffel in einer kleinen Sch\u00fcssel frische Erdbeeren ins Joghurt r\u00fchrt \u2013 nun ja, ganz so funktioniert die moderne Landwirtschaft und Lebensmittelproduktion nat\u00fcrlich nicht.<\/p>\n<p><img loading=\"lazy\" class=\"aligncenter  wp-image-1491\" src=\"https:\/\/www.artfood.at\/wp-content\/uploads\/2023\/04\/Ferkel_animals-gb200ffba3_1280-300x200.jpg\" alt=\"\" width=\"416\" height=\"277\" srcset=\"https:\/\/www.artfood.at\/wp-content\/uploads\/2023\/04\/Ferkel_animals-gb200ffba3_1280-300x200.jpg 300w, https:\/\/www.artfood.at\/wp-content\/uploads\/2023\/04\/Ferkel_animals-gb200ffba3_1280-1024x682.jpg 1024w, https:\/\/www.artfood.at\/wp-content\/uploads\/2023\/04\/Ferkel_animals-gb200ffba3_1280-768x512.jpg 768w, https:\/\/www.artfood.at\/wp-content\/uploads\/2023\/04\/Ferkel_animals-gb200ffba3_1280.jpg 1280w\" sizes=\"(max-width: 416px) 100vw, 416px\" \/><\/p>\n<p>Hinter unserem Essen steht im Wesentlichen eine moderne, Chemie-basierte und zunehmend digitalisierte Agrarwirtschaft. Dazu geh\u00f6ren auch globale Lieferketten, mit Erdbeeren im Winter, dem Superfood Avocado aus Chile oder Peru und vielem mehr.<\/p>\n<p>Und nat\u00fcrlich widmen sich zeitgen\u00f6ssische K\u00fcnstler und K\u00fcnstlerinnen auch diesen problematischen Aspekten unseres Essens.<\/p>\n<figure id=\"attachment_1488\" aria-describedby=\"caption-attachment-1488\" style=\"width: 398px\" class=\"wp-caption aligncenter\"><img loading=\"lazy\" class=\"wp-image-1488\" src=\"https:\/\/www.artfood.at\/wp-content\/uploads\/2023\/04\/F536_Boutonnier_porc_petit-Large-300x223.jpeg\" alt=\"\" width=\"398\" height=\"295\" srcset=\"https:\/\/www.artfood.at\/wp-content\/uploads\/2023\/04\/F536_Boutonnier_porc_petit-Large-300x223.jpeg 300w, https:\/\/www.artfood.at\/wp-content\/uploads\/2023\/04\/F536_Boutonnier_porc_petit-Large-1024x762.jpeg 1024w, https:\/\/www.artfood.at\/wp-content\/uploads\/2023\/04\/F536_Boutonnier_porc_petit-Large-768x572.jpeg 768w, https:\/\/www.artfood.at\/wp-content\/uploads\/2023\/04\/F536_Boutonnier_porc_petit-Large.jpeg 1280w\" sizes=\"(max-width: 398px) 100vw, 398px\" \/><figcaption id=\"caption-attachment-1488\" class=\"wp-caption-text\">Thierry Boutonnier, Objectifs de production: Comment expliquer la cha\u00eene de transformation du porc aux cochons (Wie man den Schweinen die Produktionskette f\u00fcr Schweinefleisch erkl\u00e4rt), 2005.<\/figcaption><\/figure>\n<p>Diesmal also bei ArtFood: der franz\u00f6sische Fotok\u00fcnstler und mittlerweile auch Umweltaktivist Thierry Boutonnier \u2013 zu sehen \u00fcbrigens in der aktuellen Ausstellung \u201eMahlzeit\u201c des Dom Museums Wien (Infos zur Ausstellung am Ende des Postings).<\/p>\n<p>Wie k\u00f6nnte die moderne Agrarwirtschaft noch etwas effizienter werden? Warum nicht mit den Betroffenen in der landwirtschaftlichen Produktion direkt kommunizieren? Mit den K\u00fchen, den Schweinen, den H\u00fchnern, dem Weizen und auch den landwirtschaftlichen Ger\u00e4ten?<\/p>\n<figure id=\"attachment_1490\" aria-describedby=\"caption-attachment-1490\" style=\"width: 393px\" class=\"wp-caption aligncenter\"><img loading=\"lazy\" class=\"wp-image-1490\" src=\"https:\/\/www.artfood.at\/wp-content\/uploads\/2023\/04\/F538_Boutonnier_ble_petit-Large-300x223.jpeg\" alt=\"\" width=\"393\" height=\"292\" srcset=\"https:\/\/www.artfood.at\/wp-content\/uploads\/2023\/04\/F538_Boutonnier_ble_petit-Large-300x223.jpeg 300w, https:\/\/www.artfood.at\/wp-content\/uploads\/2023\/04\/F538_Boutonnier_ble_petit-Large-1024x760.jpeg 1024w, https:\/\/www.artfood.at\/wp-content\/uploads\/2023\/04\/F538_Boutonnier_ble_petit-Large-768x570.jpeg 768w, https:\/\/www.artfood.at\/wp-content\/uploads\/2023\/04\/F538_Boutonnier_ble_petit-Large.jpeg 1280w\" sizes=\"(max-width: 393px) 100vw, 393px\" \/><figcaption id=\"caption-attachment-1490\" class=\"wp-caption-text\">Thierry Boutonnier, Objectifs de production: Lecture du cours du bl\u00e9 au bl\u00e9 (Lesung des Weizenkurses f\u00fcr den Weizen), 2005.<\/figcaption><\/figure>\n<p>Liebe Kuh, die Ziele der Milchproduktion sind Folgende! Ihr H\u00fchner, bitte beachtet die Hygieneregeln zur Vermeidung der Vogelgrippe! Schau, Schwein, die Produktionskette f\u00fcr die Erzeugung von Schweinefleisch sieht folgenderma\u00dfen aus. Hallo Weizen, bitte herh\u00f6ren, die Unterrichtsstunde beginnt! Und schlie\u00dflich m\u00fcssen dem alten Traktor die Eigenschaften des Neuen erkl\u00e4rt werden, er wird ja ersetzt.<\/p>\n<p>Die f\u00fcnfteilige Fotoserie \u201eObjectifs de production&#8220; (Produktionsziele) thematisiert eigentlich \u2013 auch wenn diese auf den ersten Blick witzig daherkommt \u2013 die Art und Weise, wie tierisches und pflanzliches Leben durch die moderne Agrarwirtschaft systematisch benutzt, ausgebeutet, ja eigentlich verdinglicht wird. In ihrer Mischung aus Witz, Satire, Zynismus, Scheinheiligkeit und Entlarvung halte ich diese Serie nach wie vor f\u00fcr einen der besten k\u00fcnstlerischen Kommentare zur modernen Agrarwirtschaft.<\/p>\n<figure id=\"attachment_1487\" aria-describedby=\"caption-attachment-1487\" style=\"width: 424px\" class=\"wp-caption aligncenter\"><img loading=\"lazy\" class=\"wp-image-1487\" src=\"https:\/\/www.artfood.at\/wp-content\/uploads\/2023\/04\/F535_Boutonnier_vache_petit-Large-300x220.jpeg\" alt=\"\" width=\"424\" height=\"311\" srcset=\"https:\/\/www.artfood.at\/wp-content\/uploads\/2023\/04\/F535_Boutonnier_vache_petit-Large-300x220.jpeg 300w, https:\/\/www.artfood.at\/wp-content\/uploads\/2023\/04\/F535_Boutonnier_vache_petit-Large-1024x750.jpeg 1024w, https:\/\/www.artfood.at\/wp-content\/uploads\/2023\/04\/F535_Boutonnier_vache_petit-Large-768x562.jpeg 768w, https:\/\/www.artfood.at\/wp-content\/uploads\/2023\/04\/F535_Boutonnier_vache_petit-Large.jpeg 1280w\" sizes=\"(max-width: 424px) 100vw, 424px\" \/><figcaption id=\"caption-attachment-1487\" class=\"wp-caption-text\">Thierry Boutonnier, Objectifs de production: Expliquer les objectifs de la production laiti\u00e8re aux vaches (Den K\u00fchen die Ziele der Milchproduktion erkl\u00e4ren), 2005.<\/figcaption><\/figure>\n<p>Thierry Boutonnier: \u201eAls Sohn und Bruder von Milchbauern lerne ich immer noch, wie Darstellungen von Lebensmitteln und Landwirtschaft Verschwendung, Ungerechtigkeit und ein massives Aussterben der Artenvielfalt f\u00f6rdern.\u201c Auch fragte er sich, ob \u201eW\u00f6rter in diesen Trag\u00f6dien noch etwas ausrichten k\u00f6nnen\u201c.<\/p>\n<figure id=\"attachment_1486\" aria-describedby=\"caption-attachment-1486\" style=\"width: 400px\" class=\"wp-caption aligncenter\"><img loading=\"lazy\" class=\"wp-image-1486\" src=\"https:\/\/www.artfood.at\/wp-content\/uploads\/2023\/04\/F535_b_Boutonnier_poulet_Huhn_petit-Large-300x221.jpeg\" alt=\"\" width=\"400\" height=\"294\" srcset=\"https:\/\/www.artfood.at\/wp-content\/uploads\/2023\/04\/F535_b_Boutonnier_poulet_Huhn_petit-Large-300x221.jpeg 300w, https:\/\/www.artfood.at\/wp-content\/uploads\/2023\/04\/F535_b_Boutonnier_poulet_Huhn_petit-Large-1024x755.jpeg 1024w, https:\/\/www.artfood.at\/wp-content\/uploads\/2023\/04\/F535_b_Boutonnier_poulet_Huhn_petit-Large-768x566.jpeg 768w, https:\/\/www.artfood.at\/wp-content\/uploads\/2023\/04\/F535_b_Boutonnier_poulet_Huhn_petit-Large.jpeg 1280w\" sizes=\"(max-width: 400px) 100vw, 400px\" \/><figcaption id=\"caption-attachment-1486\" class=\"wp-caption-text\">Thierry Boutonnier, Objectifs de production: Comment expliquer la pr\u00e9vention de la grippe aviaire aux poules (Wie man den H\u00fchnern die Vorbeugung gegen die Vogelgrippe erkl\u00e4rt), 2005.<\/figcaption><\/figure>\n<p>Als K\u00fcnstler ist er daher nicht beim Ansprechen von Missst\u00e4nden stehen geblieben. Mittlerweile arbeitet er mit unterschiedlichen k\u00fcnstlerischen Methoden an der Schnittstelle zwischen Kunst, \u00d6kologie und urbanem Wandel \u2013 und m\u00f6glichst in direkter Zusammenarbeit mit der Zivilgesellschaft.<\/p>\n<figure id=\"attachment_1489\" aria-describedby=\"caption-attachment-1489\" style=\"width: 411px\" class=\"wp-caption aligncenter\"><img loading=\"lazy\" class=\"wp-image-1489\" src=\"https:\/\/www.artfood.at\/wp-content\/uploads\/2023\/04\/F537_Boutonnier_traktor_petit-300x225.jpg\" alt=\"\" width=\"411\" height=\"308\" srcset=\"https:\/\/www.artfood.at\/wp-content\/uploads\/2023\/04\/F537_Boutonnier_traktor_petit-300x225.jpg 300w, https:\/\/www.artfood.at\/wp-content\/uploads\/2023\/04\/F537_Boutonnier_traktor_petit-1024x768.jpg 1024w, https:\/\/www.artfood.at\/wp-content\/uploads\/2023\/04\/F537_Boutonnier_traktor_petit-768x576.jpg 768w, https:\/\/www.artfood.at\/wp-content\/uploads\/2023\/04\/F537_Boutonnier_traktor_petit-1536x1152.jpg 1536w, https:\/\/www.artfood.at\/wp-content\/uploads\/2023\/04\/F537_Boutonnier_traktor_petit-754x566.jpg 754w, https:\/\/www.artfood.at\/wp-content\/uploads\/2023\/04\/F537_Boutonnier_traktor_petit-377x283.jpg 377w, https:\/\/www.artfood.at\/wp-content\/uploads\/2023\/04\/F537_Boutonnier_traktor_petit.jpg 1564w\" sizes=\"(max-width: 411px) 100vw, 411px\" \/><figcaption id=\"caption-attachment-1489\" class=\"wp-caption-text\">Thierry Boutonnier, Objectifs de production: Pr\u00e9sentation de la brochure du nouveau tracteur \u00e0 l\u2019ancien (Pr\u00e4sentation der Brosch\u00fcre \u00fcber den neuen Traktor an den alten Traktor), 2005<\/figcaption><\/figure>\n<p>In einem seiner aktuellen Projekte, <em>Appel d&#8217;air<\/em>, begleitet Thierry Boutonnier als eine Art k\u00fcnstlerischer Umweltaktivist den gro\u00dffl\u00e4chigen, mehrj\u00e4hrigen Ausbau des U-Bahn-Netzes im Gro\u00dfraum Paris. Seit 2016 und bis zum Jahr 2030 werden unter Einbeziehung der jeweils betroffenen B\u00fcrger und B\u00fcrgerinnen entlang der gesamtem U-Bahn Strecke Hunderte sogenannter \u201eZeugnisb\u00e4ume\u201c versorgt und schlie\u00dflich eingepflanzt. Sie verdeutlichen&nbsp;die \u201enotwendige Rolle, die die Natur in der Stadt spielt\u201c.<\/p>\n<p>Und besonders sch\u00f6n finde ich dieses Statement am Ende eines online Artikels, den er verfasst hat: \u201eUnd um Missverst\u00e4ndnissen vorzubeugen, die M\u00f6glichkeit, auf Ihrem Bildschirm zu erscheinen, ist vor allem eine Einladung, ihn so schnell wie m\u00f6glich zu schlie\u00dfen, um Ihre eigene Erfahrung eines radikalen Andersseins auf unbestimmte Dauer und ohne Ziele zu machen.\u201c&nbsp;Dem ist eigentlich nichts hinzuzuf\u00fcgen.<\/p>\n<p style=\"text-align: center;\"><span style=\"color: #eb684b;\">ArtFood: Essen mit Kunst.<\/span><strong><br \/>\n<\/strong><\/p>\n<hr>\n<p style=\"text-align: left;\"><strong>Infos &amp; Quellen<\/strong><br \/>\n*Dom Museum Wien, Ausstellung \u201e<a href=\"https:\/\/dommuseum.at\/mahlzeit_information\" target=\"_blank\" rel=\"noopener\">Mahlzeit<\/a>\u201c, bis 27. August 2023. Zur Ausstellung ist ein umfangreicher Katalog erschienen.<br \/>\n*Thierry Boutonnier, <em>Objectifs de production<\/em> (Produktionsziele): <a href=\"http:\/\/www.domestication.eu\/realisation\/objectifs-de-production\/\" target=\"_blank\" rel=\"noopener\">Website des K\u00fcnstlers<\/a>.<br \/>\n*Zitate: <a href=\"https:\/\/www.observatoire-art-contemporain.com\/revue_decryptage\/signe_a_capter.php?id=20121144\" target=\"_blank\" rel=\"noopener\">L\u00b4observatoire de l\u00b4art contemporain<\/a>.<br \/>\n*Thierry Boutonnier, Projekt <em>Appel d\u00b4air<\/em>: <a href=\"http:\/\/www.domestication.eu\/appel-dair\/\" target=\"_blank\" rel=\"noopener\">Website des K\u00fcnstlers<\/a>.<\/p>\n<p>Bilder:<br \/>\n*Titelbild: Thierry Boutonnier, Objectifs de production: Lecture du cours du bl\u00e9 au bl\u00e9 <em>(<\/em><i>Lesung des Weizenkurses f\u00fcr den Weizen<\/i><em>)<\/em>, 2005, Dom Museum Wien, Otto Mauer Contemporary, \u00a9 Thierry Boutonnier, Foto: Alexis Vall\u00e9-Charest.<br \/>\n*Ferkel: <a href=\"https:\/\/pixabay.com\/de\/photos\/tiere-schwein-ferkel-bauernhof-4453839\/\" target=\"_blank\" rel=\"noopener\">G.C.<\/a>,&nbsp;Pixabay.<br \/>\n*Thierry Boutonnier, Objectifs de production: Comment expliquer la cha\u00eene de transformation du porc aux cochons <em>(Wie man den Schweinen die Produktionskette f\u00fcr Schweinefleisch erkl\u00e4rt)<\/em>, 2005, Dom Museum Wien, Otto Mauer Contemporary, \u00a9 Thierry Boutonnier, Foto: Alexis Vall\u00e9-Charest.<br \/>\n*Thierry Boutonnier, Objectifs de production: Lecture du cours du bl\u00e9 au bl\u00e9 <em>(<\/em><i>Lesung des Weizenkurses f\u00fcr den Weizen<\/i><em>)<\/em>, 2005, Dom Museum Wien, Otto Mauer Contemporary, \u00a9 Thierry Boutonnier, Foto: Alexis Vall\u00e9-Charest.<br \/>\n*Thierry Boutonnier, Objectifs de production: Expliquer les objectifs de la production laiti\u00e8re aux vaches <em>(Den K\u00fchen die Ziele der Milchproduktion erkl\u00e4ren)<\/em>, 2005, Dom Museum Wien, Otto Mauer Contemporary, \u00a9 Thierry Boutonnier, Foto: Alexis Vall\u00e9-Charest.<br \/>\n*Thierry Boutonnier, Objectifs de production: Comment expliquer la pr\u00e9vention de la grippe aviaire aux poules <em>(Wie man den H\u00fchnern die Vorbeugung gegen die Vogelgrippe erkl\u00e4rt)<\/em>, 2005, Dom Museum Wien, Otto Mauer Contemporary, \u00a9 Thierry Boutonnier, Foto: Alexis Vall\u00e9-Charest.<br \/>\n*Thierry Boutonnier, Objectifs de production: Pr\u00e9sentation de la brochure du nouveau tracteur \u00e0 l\u2019ancien <em>(Pr\u00e4sentation der Brosch\u00fcre \u00fcber den neuen Traktor an den alten Traktor)<\/em>, 2005, Dom Museum Wien, Otto Mauer Contemporary, \u00a9 Thierry Boutonnier, Foto: Alexis Vall\u00e9-Charest.<\/p>\n","protected":false},"excerpt":{"rendered":"<p>K\u00fche auf saftigen gr\u00fcnen Wiesen mit Wildblumen. Kleine Ferkelchen, mit denen wir uns freundlich unterhalten k\u00f6nnen. Eine holde Maid mit Flechtfriseur, die mit einem Holzl\u00f6ffel in einer kleinen Sch\u00fcssel frische&hellip;<\/p>\n","protected":false},"author":1,"featured_media":1490,"comment_status":"closed","ping_status":"closed","sticky":false,"template":"","format":"standard","meta":[],"categories":[38,30,32],"tags":[],"_links":{"self":[{"href":"https:\/\/www.artfood.at\/index.php\/wp-json\/wp\/v2\/posts\/1485"}],"collection":[{"href":"https:\/\/www.artfood.at\/index.php\/wp-json\/wp\/v2\/posts"}],"about":[{"href":"https:\/\/www.artfood.at\/index.php\/wp-json\/wp\/v2\/types\/post"}],"author":[{"embeddable":true,"href":"https:\/\/www.artfood.at\/index.php\/wp-json\/wp\/v2\/users\/1"}],"replies":[{"embeddable":true,"href":"https:\/\/www.artfood.at\/index.php\/wp-json\/wp\/v2\/comments?post=1485"}],"version-history":[{"count":9,"href":"https:\/\/www.artfood.at\/index.php\/wp-json\/wp\/v2\/posts\/1485\/revisions"}],"predecessor-version":[{"id":1502,"href":"https:\/\/www.artfood.at\/index.php\/wp-json\/wp\/v2\/posts\/1485\/revisions\/1502"}],"wp:featuredmedia":[{"embeddable":true,"href":"https:\/\/www.artfood.at\/index.php\/wp-json\/wp\/v2\/media\/1490"}],"wp:attachment":[{"href":"https:\/\/www.artfood.at\/index.php\/wp-json\/wp\/v2\/media?parent=1485"}],"wp:term":[{"taxonomy":"category","embeddable":true,"href":"https:\/\/www.artfood.at\/index.php\/wp-json\/wp\/v2\/categories?post=1485"},{"taxonomy":"post_tag","embeddable":true,"href":"https:\/\/www.artfood.at\/index.php\/wp-json\/wp\/v2\/tags?post=1485"}],"curies":[{"name":"wp","href":"https:\/\/api.w.org\/{rel}","templated":true}]}}