{"id":2060,"date":"2024-10-01T13:56:45","date_gmt":"2024-10-01T11:56:45","guid":{"rendered":"https:\/\/www.artfood.at\/?p=2060"},"modified":"2024-10-01T14:14:07","modified_gmt":"2024-10-01T12:14:07","slug":"der-hyperboreische-schimmer-von-milch","status":"publish","type":"post","link":"https:\/\/www.artfood.at\/index.php\/2024\/10\/01\/der-hyperboreische-schimmer-von-milch\/","title":{"rendered":"Der hyperboreische Schimmer von Milch"},"content":{"rendered":"<p style=\"font-weight: 400;\">Dass ich mich durch die sieben B\u00e4nde bzw. 4.296 Seiten von <em>Auf der Suche nach der verlorenen Zeit<\/em> arbeite, habe ich hier ja schon mehrmals erw\u00e4hnt. Und es ist wahrlich ein langer Weg. Eine der besten Beschreibungen dieses Roman-Werks: \u201eEin Leselabyrinth von gigantischen Ausma\u00dfen\u201c \u2013 ja, genauso ist es.<\/p>\n<p style=\"font-weight: 400;\">Mittlerweile bin ich auf Seite 1.652 angekommen :-). Und auf dem Weg dorthin habe ich wieder eine wunderbare literarisch-kulinarische Gemme entdeckt.<img loading=\"lazy\" class=\"aligncenter size-medium wp-image-2063\" src=\"https:\/\/www.artfood.at\/wp-content\/uploads\/2024\/10\/Proust_Suche-300x262.jpg\" alt=\"\" width=\"300\" height=\"262\" srcset=\"https:\/\/www.artfood.at\/wp-content\/uploads\/2024\/10\/Proust_Suche-300x262.jpg 300w, https:\/\/www.artfood.at\/wp-content\/uploads\/2024\/10\/Proust_Suche-1024x895.jpg 1024w, https:\/\/www.artfood.at\/wp-content\/uploads\/2024\/10\/Proust_Suche-768x671.jpg 768w, https:\/\/www.artfood.at\/wp-content\/uploads\/2024\/10\/Proust_Suche.jpg 1464w\" sizes=\"(max-width: 300px) 100vw, 300px\" \/>Marcel, der Erz\u00e4hler im Roman, besucht seinen guten Freund Robert Saint-Loup in dessen Garnison. Das Kasernenzimmer, in dem Marcel auf ihn wartet, ist voll von fremden Ger\u00e4uschen. Und da macht er sich seine Gedanken dar\u00fcber, wie das mit den Ger\u00e4uschen so ist, wenn man ein schlechtes Geh\u00f6r hat, wenn man zeitweise nichts h\u00f6rt beispielsweise wegen Ohrst\u00f6pseln \u2013 oder wenn man gar nichts h\u00f6ren kann, weil man taub ist. Und das liest sich dann unglaublicherweise so:<\/p>\n<p><img loading=\"lazy\" class=\"aligncenter  wp-image-2062\" src=\"https:\/\/www.artfood.at\/wp-content\/uploads\/2024\/10\/milk-2618805_1920-300x200.jpeg\" alt=\"\" width=\"374\" height=\"249\" srcset=\"https:\/\/www.artfood.at\/wp-content\/uploads\/2024\/10\/milk-2618805_1920-300x200.jpeg 300w, https:\/\/www.artfood.at\/wp-content\/uploads\/2024\/10\/milk-2618805_1920-1024x683.jpeg 1024w, https:\/\/www.artfood.at\/wp-content\/uploads\/2024\/10\/milk-2618805_1920-768x512.jpeg 768w, https:\/\/www.artfood.at\/wp-content\/uploads\/2024\/10\/milk-2618805_1920-1536x1024.jpeg 1536w, https:\/\/www.artfood.at\/wp-content\/uploads\/2024\/10\/milk-2618805_1920.jpeg 1920w\" sizes=\"(max-width: 374px) 100vw, 374px\" \/><\/p>\n<p style=\"font-weight: 400; text-align: center;\">\u201eJemand, der v\u00f6llig ertaubt ist,<br \/>\nkann nicht einmal einen Topf Milch direkt neben sich erhitzen,<br \/>\nohne bei ge\u00f6ffnetem Deckel mit den Augen<br \/>\nden wei\u00dfen, hyperboreischen Schimmer abpassen zu m\u00fcssen,<br \/>\nder einem Schneesturm \u00e4hnelt<br \/>\nund das warnende Zeichen bildet,<br \/>\ndem man ratsamerweise Folge leistet, indem man den Stecker zieht<br \/>\nund wie der Herr den Wogen Einhalt gebietet;<\/p>\n<p style=\"font-weight: 400; text-align: center;\">denn schon erreicht das aufsteigende und krampfhaft zuckende Ei der kochenden Milch<br \/>\nan einigen seitlichen Erhebungen seinen H\u00f6chststand,<br \/>\nschwillt, bl\u00e4ht einige halb umgest\u00fcrzte Segel,<br \/>\ndie der Rahm in Falten gelegt hatte,<br \/>\nwirft noch eines von Perlmutt in den Sturm,<br \/>\ndie allesamt die Unterbrechung des Stroms,<br \/>\nsofern das elektrische Unwetter beizeiten gebannt wird,<br \/>\num sich selbst kreisen und abdriften lassen wird,<br \/>\nverwandelt in Bl\u00fctenbl\u00e4tter von Magnolien.\u201c<\/p>\n<p><img loading=\"lazy\" class=\"aligncenter  wp-image-2061\" src=\"https:\/\/www.artfood.at\/wp-content\/uploads\/2024\/10\/boiling-over-of-milk-2474181_1920-300x200.jpeg\" alt=\"\" width=\"381\" height=\"254\" srcset=\"https:\/\/www.artfood.at\/wp-content\/uploads\/2024\/10\/boiling-over-of-milk-2474181_1920-300x200.jpeg 300w, https:\/\/www.artfood.at\/wp-content\/uploads\/2024\/10\/boiling-over-of-milk-2474181_1920-1024x683.jpeg 1024w, https:\/\/www.artfood.at\/wp-content\/uploads\/2024\/10\/boiling-over-of-milk-2474181_1920-768x512.jpeg 768w, https:\/\/www.artfood.at\/wp-content\/uploads\/2024\/10\/boiling-over-of-milk-2474181_1920-1536x1024.jpeg 1536w, https:\/\/www.artfood.at\/wp-content\/uploads\/2024\/10\/boiling-over-of-milk-2474181_1920.jpeg 1920w\" sizes=\"(max-width: 381px) 100vw, 381px\" \/><\/p>\n<p style=\"font-weight: 400;\">Noch nie wurde sooo \u00fcber kochende Milch geschrieben! Diese detailverliebte, kreative und gleichzeitig unglaublich poetische Art, allt\u00e4gliche Kleinigkeiten nach ausf\u00fchrlichem Nachsinnen zu beschreiben, kann ich grenzenlos bewundern.<\/p>\n<p style=\"font-weight: 400; text-align: center;\"><span style=\"color: #eb684b;\">ArtFood: Essen mit Kunst.<\/span><\/p>\n<p style=\"font-weight: 400;\">PS: Bisher zum Roman <em>Auf der Suche nach der verlorenen Zeit<\/em> hier bei ArtFood erschienen: <a href=\"https:\/\/www.artfood.at\/index.php\/2022\/04\/05\/dem-manet-und-dem-proust-sein-spargel\/\" target=\"_blank\" rel=\"noopener\">Dem Manet und dem Proust sein Spargel<\/a>. <a href=\"https:\/\/www.artfood.at\/index.php\/2021\/11\/16\/die-unvermeidlichen\/\" target=\"_blank\" rel=\"noopener\">Die Unvermeidlichen<\/a>. <a href=\"https:\/\/www.artfood.at\/index.php\/2023\/03\/21\/traubenkur-am-beauvais\/\" target=\"_blank\" rel=\"noopener\">Traubenkur am Beauvais<\/a>.<\/p>\n<hr>\n<p style=\"font-weight: 400;\"><strong>Infos &amp; Quellen<br \/>\n<\/strong>*Zitat entnommen: Proust, Marcel: Auf der Suche nach der verlorenen Zeit; Gesamtausgabe, Neu\u00fcbersetzung Bernd-J\u00fcrgen Fischer, Reclam Verlag.<\/p>\n<p style=\"font-weight: 400;\">Bilder:<\/p>\n<p style=\"font-weight: 400;\">*Titelbild: <a href=\"https:\/\/pixabay.com\/de\/photos\/milch-tropfen-trinken-2618805\/\" target=\"_blank\" rel=\"noopener\">StockSnap<\/a>, Pixabay.<br \/>\n*Miclhtropfen: <a href=\"https:\/\/pixabay.com\/de\/photos\/milch-tropfen-trinken-2618805\/\" target=\"_blank\" rel=\"noopener\">StockSnap<\/a>, Pixabay.<br \/>\n*\u00dcberkochende Milch: <a href=\"https:\/\/pixabay.com\/de\/photos\/\u00fcberkochende-milch-ceranfeld-2474181\/\" target=\"_blank\" rel=\"noopener\">Myriams-Fotos<\/a>, Pixabay.<\/p>\n","protected":false},"excerpt":{"rendered":"<p>Dass ich mich durch die sieben B\u00e4nde bzw. 4.296 Seiten von Auf der Suche nach der verlorenen Zeit arbeite, habe ich hier ja schon mehrmals erw\u00e4hnt. Und es ist wahrlich&hellip;<\/p>\n","protected":false},"author":1,"featured_media":2062,"comment_status":"closed","ping_status":"closed","sticky":false,"template":"","format":"standard","meta":[],"categories":[34,37],"tags":[],"_links":{"self":[{"href":"https:\/\/www.artfood.at\/index.php\/wp-json\/wp\/v2\/posts\/2060"}],"collection":[{"href":"https:\/\/www.artfood.at\/index.php\/wp-json\/wp\/v2\/posts"}],"about":[{"href":"https:\/\/www.artfood.at\/index.php\/wp-json\/wp\/v2\/types\/post"}],"author":[{"embeddable":true,"href":"https:\/\/www.artfood.at\/index.php\/wp-json\/wp\/v2\/users\/1"}],"replies":[{"embeddable":true,"href":"https:\/\/www.artfood.at\/index.php\/wp-json\/wp\/v2\/comments?post=2060"}],"version-history":[{"count":8,"href":"https:\/\/www.artfood.at\/index.php\/wp-json\/wp\/v2\/posts\/2060\/revisions"}],"predecessor-version":[{"id":2078,"href":"https:\/\/www.artfood.at\/index.php\/wp-json\/wp\/v2\/posts\/2060\/revisions\/2078"}],"wp:featuredmedia":[{"embeddable":true,"href":"https:\/\/www.artfood.at\/index.php\/wp-json\/wp\/v2\/media\/2062"}],"wp:attachment":[{"href":"https:\/\/www.artfood.at\/index.php\/wp-json\/wp\/v2\/media?parent=2060"}],"wp:term":[{"taxonomy":"category","embeddable":true,"href":"https:\/\/www.artfood.at\/index.php\/wp-json\/wp\/v2\/categories?post=2060"},{"taxonomy":"post_tag","embeddable":true,"href":"https:\/\/www.artfood.at\/index.php\/wp-json\/wp\/v2\/tags?post=2060"}],"curies":[{"name":"wp","href":"https:\/\/api.w.org\/{rel}","templated":true}]}}